{"id":1710,"date":"2009-08-07T00:01:41","date_gmt":"2009-08-06T22:01:41","guid":{"rendered":"http:\/\/www.maurograziani.org\/wordpress\/?p=1710"},"modified":"2025-08-22T18:13:31","modified_gmt":"2025-08-22T16:13:31","slug":"inherent-vice","status":"publish","type":"post","link":"https:\/\/maurograziani.org\/wordpress\/archives\/1710","title":{"rendered":"Inherent Vice"},"content":{"rendered":"<p style=\"text-align: justify;\">Il nuovo libro di <a href=\"http:\/\/it.wikipedia.org\/wiki\/Thomas_Pynchon\" target=\"_blank\" rel=\"noopener\">Thomas Pynchon<\/a>, <em>Inherent Vice<\/em>, \u00e8 uscito qualche giorno fa (il 4) negli USA.<\/p>\n<p style=\"text-align: justify;\">Mi ha sorpreso il fatto che esiste il trailer, ed \u00e8 pure bello. E mi chiedo se la voce narrante possa essere proprio la sua. Di questo scrittore, ormai di culto, che \u00e8 un fantasma perch\u00e9 non si fa mai vedere (\u00e8 letteralmente svanito fin dagli anni &#8217;60).<\/p>\n<p style=\"text-align: justify;\">Pynchon non ama rivelarsi al pubblico se non attraverso le sue opere, tanto che anche in wikipedia c&#8217;\u00e8 solo una sua foto da giovane e se lo cercate in Google image, trovate sempre quelle 3\/4 immagini da ragazzino.<\/p>\n<p><iframe loading=\"lazy\" title=\"Inherent Vice by Thomas Pynchon \u2013 Official Book Trailer\" width=\"584\" height=\"329\" src=\"https:\/\/www.youtube.com\/embed\/RjWKPdDk0_U?feature=oembed\" frameborder=\"0\" allow=\"accelerometer; autoplay; clipboard-write; encrypted-media; gyroscope; picture-in-picture; web-share\" referrerpolicy=\"strict-origin-when-cross-origin\" allowfullscreen><\/iframe><\/p>\n<div class=\"related-posts\">\n<\/div>","protected":false},"excerpt":{"rendered":"<p>Il nuovo libro di Thomas Pynchon, Inherent Vice, \u00e8 uscito qualche giorno fa (il 4) negli USA. Mi ha sorpreso il fatto che esiste il trailer, ed \u00e8 pure bello. E mi chiedo se la voce narrante possa essere proprio &hellip; <a href=\"https:\/\/maurograziani.org\/wordpress\/archives\/1710\">Continua a leggere<span class=\"meta-nav\">&rarr;<\/span><\/a><\/p>\n","protected":false},"author":1,"featured_media":0,"comment_status":"open","ping_status":"open","sticky":false,"template":"","format":"standard","meta":{"_jetpack_memberships_contains_paid_content":false,"footnotes":""},"categories":[8],"tags":[792],"class_list":["post-1710","post","type-post","status-publish","format-standard","hentry","category-letteratura","tag-libri"],"jetpack_featured_media_url":"","jetpack_sharing_enabled":true,"_links":{"self":[{"href":"https:\/\/maurograziani.org\/wordpress\/wp-json\/wp\/v2\/posts\/1710"}],"collection":[{"href":"https:\/\/maurograziani.org\/wordpress\/wp-json\/wp\/v2\/posts"}],"about":[{"href":"https:\/\/maurograziani.org\/wordpress\/wp-json\/wp\/v2\/types\/post"}],"author":[{"embeddable":true,"href":"https:\/\/maurograziani.org\/wordpress\/wp-json\/wp\/v2\/users\/1"}],"replies":[{"embeddable":true,"href":"https:\/\/maurograziani.org\/wordpress\/wp-json\/wp\/v2\/comments?post=1710"}],"version-history":[{"count":1,"href":"https:\/\/maurograziani.org\/wordpress\/wp-json\/wp\/v2\/posts\/1710\/revisions"}],"predecessor-version":[{"id":19216,"href":"https:\/\/maurograziani.org\/wordpress\/wp-json\/wp\/v2\/posts\/1710\/revisions\/19216"}],"wp:attachment":[{"href":"https:\/\/maurograziani.org\/wordpress\/wp-json\/wp\/v2\/media?parent=1710"}],"wp:term":[{"taxonomy":"category","embeddable":true,"href":"https:\/\/maurograziani.org\/wordpress\/wp-json\/wp\/v2\/categories?post=1710"},{"taxonomy":"post_tag","embeddable":true,"href":"https:\/\/maurograziani.org\/wordpress\/wp-json\/wp\/v2\/tags?post=1710"}],"curies":[{"name":"wp","href":"https:\/\/api.w.org\/{rel}","templated":true}]}}